{"id":920,"date":"2021-10-01T17:57:23","date_gmt":"2021-10-01T14:57:23","guid":{"rendered":"https:\/\/www.vergilendirme.com\/?p=920"},"modified":"2021-11-03T18:28:57","modified_gmt":"2021-11-03T15:28:57","slug":"10-2021-vergi-takvimi","status":"publish","type":"post","link":"https:\/\/www.vergilendirme.com\/?p=920","title":{"rendered":"10\/2021 Vergi Takvimi"},"content":{"rendered":"\n<figure class=\"wp-block-table\"><table><thead><tr><th>Ba\u015flang\u0131\u00e7<\/th><th>Biti\u015f<\/th><th>VERG\u0130LER\/HAR\u00c7LAR\/B\u0130LD\u0130R\u0130MLER VE D\u0130\u011eERLER\u0130<\/th><\/tr><\/thead><tbody><tr><td>01\/10\/2021<\/td><td>11\/10\/2021<\/td><td>16-30 Eyl\u00fcl 2021 D\u00f6nemine Ait Noterlerce Yap\u0131lan Makbuz Kar\u015f\u0131l\u0131\u011f\u0131 \u00d6demelere Ait Beyannamenin Verilmesi ve \u00d6demesi<\/td><\/tr><tr><td>01\/10\/2021<\/td><td>11\/10\/2021<\/td><td>16-30 Eyl\u00fcl 2021 D\u00f6nemine Ait Petrol ve Do\u011falgaz \u00dcr\u00fcnlerine \u0130li\u015fkin \u00d6zel T\u00fcketim Vergisinin Beyan\u0131 ve \u00d6demesi<\/td><\/tr><tr><td>01\/10\/2021<\/td><td>15\/10\/2021<\/td><td>Eyl\u00fcl 2021 D\u00f6nemine Ait Kaynak Kullan\u0131m\u0131n\u0131 Destekleme Fonu Kesintisi Bildirimi ve \u00d6demesi<\/td><\/tr><tr><td>01\/10\/2021<\/td><td>15\/10\/2021<\/td><td>Eyl\u00fcl 2021 D\u00f6nemine Ait Ticaret Sicili Har\u00e7lar\u0131 Bildirimi Verilmesi ve \u00d6demesi<\/td><\/tr><tr><td>01\/10\/2021<\/td><td>15\/10\/2021<\/td><td>Eyl\u00fcl 2021 D\u00f6nemine Ait Alkoll\u00fc \u0130\u00e7ecekler, Alkols\u00fcz \u0130\u00e7ecekler, T\u00fct\u00fcn Mamulleri ve Makaronlara \u0130li\u015fkin \u00d6zel T\u00fcketim Vergisinin Beyan\u0131 ve \u00d6demesi<\/td><\/tr><tr><td>01\/10\/2021<\/td><td>15\/10\/2021<\/td><td>Eyl\u00fcl 2021 D\u00f6nemine Ait Dayan\u0131kl\u0131 T\u00fcketim ve Di\u011fer Mallara \u0130li\u015fkin \u00d6zel T\u00fcketim Vergisinin Beyan\u0131 ve \u00d6demesi<\/td><\/tr><tr><td>01\/10\/2021<\/td><td>15\/10\/2021<\/td><td>Eyl\u00fcl 2021 D\u00f6nemine Ait Motorlu Ta\u015f\u0131t Ara\u00e7lar\u0131na \u0130li\u015fkin \u00d6zel T\u00fcketim Vergisinin (Tescile Tabi Olmayanlar) Beyan\u0131 ve \u00d6demesi<\/td><\/tr><tr><td>01\/10\/2021<\/td><td>15\/10\/2021<\/td><td>Eyl\u00fcl 2021 D\u00f6nemine Ait \u00d6zel \u0130leti\u015fim Vergisinin Beyan\u0131 ve \u00d6demesi<\/td><\/tr><tr><td>01\/10\/2021<\/td><td>15\/10\/2021<\/td><td>Eyl\u00fcl 2021 D\u00f6nemine Ait Banka ve Sigorta Muameleleri Vergisinin Beyan\u0131 ve \u00d6demesi<\/td><\/tr><tr><td>01\/10\/2021<\/td><td>20\/10\/2021<\/td><td>Eyl\u00fcl 2021 D\u00f6nemine Ait \u015eans Oyunlar\u0131 Vergisinin Beyan\u0131 ve \u00d6demesi<\/td><\/tr><tr><td>01\/10\/2021<\/td><td>20\/10\/2021<\/td><td>Eyl\u00fcl 2021 D\u00f6nemine Ait 5602 Say\u0131l\u0131 Kanunda Tan\u0131mlanan \u015eans Oyunlar\u0131yla \u0130lgili Veraset ve \u0130ntikal Vergisinin Beyan\u0131 ve \u00d6demesi<\/td><\/tr><tr><td>01\/10\/2021<\/td><td>20\/10\/2021<\/td><td>Eyl\u00fcl 2021 D\u00f6nemine Ait \u0130lan ve Reklam Vergisinin Beyan\u0131 ve \u00d6demesi<\/td><\/tr><tr><td>01\/10\/2021<\/td><td>20\/10\/2021<\/td><td>Eyl\u00fcl 2021 D\u00f6nemine Ait M\u00fc\u015fterek Bahislere \u0130li\u015fkin E\u011flence Vergisinin Beyan\u0131 ve \u00d6demesi ile Di\u011fer E\u011flence Vergilerine \u0130li\u015fkin E\u011flence Vergisinin \u00d6demesi<\/td><\/tr><tr><td>01\/10\/2021<\/td><td>20\/10\/2021<\/td><td>Eyl\u00fcl 2021 D\u00f6nemine Ait Elektrik ve Havagaz\u0131 T\u00fcketim Vergisinin Beyan\u0131 ve \u00d6demesi<\/td><\/tr><tr><td>01\/10\/2021<\/td><td>20\/10\/2021<\/td><td>Eyl\u00fcl 2021 D\u00f6nemine Ait Yang\u0131n Sigortas\u0131 Vergisinin Beyan\u0131 ve \u00d6demesi<\/td><\/tr><tr><td>16\/10\/2021<\/td><td>25\/10\/2021<\/td><td>1-15 Ekim 2021 D\u00f6nemine Ait Petrol ve Do\u011falgaz \u00dcr\u00fcnlerine \u0130li\u015fkin \u00d6zel T\u00fcketim Vergisinin Beyan\u0131 ve \u00d6demesi<\/td><\/tr><tr><td>18\/10\/2021<\/td><td>26\/10\/2021<\/td><td>1-15 Ekim 2021 D\u00f6nemine Ait Noterlerce Yap\u0131lan Makbuz Kar\u015f\u0131l\u0131\u011f\u0131 \u00d6demelere Ait Beyannamenin Verilmesi ve \u00d6demesi<\/td><\/tr><tr><td>01\/10\/2021<\/td><td>26\/10\/2021<\/td><td>Eyl\u00fcl 2021 D\u00f6nemine Ait Katma De\u011fer Vergisinin Beyan\u0131 ve \u00d6demesi<\/td><\/tr><tr><td>01\/10\/2021<\/td><td>26\/10\/2021<\/td><td>Temmuz-A\u011fustos-Eyl\u00fcl 2021 D\u00f6nemine Ait Katma De\u011fer Vergisinin Beyan\u0131 ve \u00d6demesi<\/td><\/tr><tr><td>01\/10\/2021<\/td><td>26\/10\/2021<\/td><td>Eyl\u00fcl 2021 D\u00f6nemine Ait GVK 94. Madde ile KVK 15. ve 30. Maddelerine G\u00f6re Yap\u0131lan Tevkifatlar\u0131n Muhtasar ve Prim Hizmet Beyannamesi ile Beyan\u0131 ve \u00d6demesi<\/td><\/tr><tr><td>01\/10\/2021<\/td><td>26\/10\/2021<\/td><td>Temmuz-A\u011fustos-Eyl\u00fcl 2021 D\u00f6nemine Ait Tevkifatlar\u0131n Muhtasar ve Prim Hizmet Beyannamesi ile Beyan\u0131 ve \u00d6demesi (GVK 98. Maddesinin 3. F\u0131kras\u0131na G\u00f6re \u00dc\u00e7er Ayl\u0131k Beyanname Verme Hakk\u0131ndan Yararlananlar \u0130\u00e7in)<\/td><\/tr><tr><td>01\/10\/2021<\/td><td>26\/10\/2021<\/td><td>Temmuz-A\u011fustos-Eyl\u00fcl 2021 D\u00f6nemine Ait GVK Ge\u00e7ici 67. Madde Kapsam\u0131nda Yap\u0131lan Tevkifatlar\u0131n Beyan\u0131 ve \u00d6demesi<\/td><\/tr><tr><td>01\/10\/2021<\/td><td>26\/10\/2021<\/td><td>Eyl\u00fcl 2021 D\u00f6nemine Ait \u0130stihkaktan Kesinti Suretiyle Tahsil Edilen Damga Vergisi ile S\u00fcrekli M\u00fckellefiyeti Bulunanlar \u0130\u00e7in Makbuz Kar\u015f\u0131l\u0131\u011f\u0131 \u00d6denmesi Gereken Damga Vergisinin Beyan\u0131 ve \u00d6demesi<\/td><\/tr><tr><td>01\/10\/2021<\/td><td>01\/11\/2021<\/td><td>Eyl\u00fcl 2021 D\u00f6nemine Ait Haberle\u015fme Vergisinin Beyan\u0131 ve \u00d6demesi<\/td><\/tr><tr><td>01\/10\/2021<\/td><td>01\/11\/2021<\/td><td>Eyl\u00fcl 2021 D\u00f6nemine Ait Mal ve Hizmet Al\u0131mlar\u0131na \u0130li\u015fkin Bildirim Formu (Form Ba)<\/td><\/tr><tr><td>01\/10\/2021<\/td><td>01\/11\/2021<\/td><td>Eyl\u00fcl 2021 D\u00f6nemine Ait Mal ve Hizmet Sat\u0131\u015flar\u0131na \u0130li\u015fkin Bildirim Formu (Form Bs)<\/td><\/tr><tr><td>01\/10\/2021<\/td><td>01\/11\/2021<\/td><td>Eyl\u00fcl 2021 D\u00f6nemine Ait Dijital Hizmet Vergisinin Beyan\u0131 ve \u00d6demesi<\/td><\/tr><tr><td>01\/10\/2021<\/td><td>01\/11\/2021<\/td><td>Eyl\u00fcl 2021 D\u00f6nemine Ait Kurumlar Vergisi M\u00fckellefleri \u0130\u00e7in Turizm Pay\u0131n\u0131n Beyan\u0131 ve \u00d6demesi<\/td><\/tr><tr><td>01\/10\/2021<\/td><td>01\/11\/2021<\/td><td>Temmuz-A\u011fustos-Eyl\u00fcl 2021 D\u00f6nemine Ait Turizm Pay\u0131n\u0131n Beyan\u0131 ve \u00d6demesi<\/td><\/tr><tr><td>01\/10\/2021<\/td><td>01\/11\/2021<\/td><td>Temmuz-A\u011fustos-Eyl\u00fcl 2021 D\u00f6nemine Ait Geri Kazan\u0131m Kat\u0131l\u0131m Pay\u0131 Beyannamesinin Verilmesi ve \u00d6demesi<\/td><\/tr><tr><td>01\/10\/2021<\/td><td>17\/11\/2021<\/td><td>2021 III. Ge\u00e7ici Vergi D\u00f6nemine (Temmuz-A\u011fustos-Eyl\u00fcl) Ait Gelir Ge\u00e7ici Vergisinin Beyan\u0131 ve \u00d6demesi<\/td><\/tr><tr><td>01\/10\/2021<\/td><td>17\/11\/2021<\/td><td>2021 III. Ge\u00e7ici Vergi D\u00f6nemine (Temmuz-A\u011fustos-Eyl\u00fcl) Ait Kurum Ge\u00e7ici Vergisinin Beyan\u0131 ve \u00d6demesi<\/td><\/tr><tr><td>01\/10\/2021<\/td><td>30\/11\/2021<\/td><td>Ge\u00e7ici Vergi D\u00f6nemleri Baz\u0131nda Y\u00fckleme Tercihinde Bulunmu\u015f M\u00fckelleflerin, Eyl\u00fcl 2021 D\u00f6nemine Ait Elektronik Defter Beratlar\u0131n\u0131n Y\u00fcklenmesi<\/td><\/tr><tr><td>01\/10\/2021<\/td><td>31\/12\/2021<\/td><td>Ayl\u0131k Y\u00fckleme Tercihinde Bulunmu\u015f M\u00fckelleflerin, Eyl\u00fcl 2021 D\u00f6nemine Ait Elektronik Defter Beratlar\u0131n\u0131n Y\u00fcklenmesi<\/td><\/tr><\/tbody><\/table><\/figure>\n","protected":false},"excerpt":{"rendered":"<p>Ba\u015flang\u0131\u00e7 Biti\u015f VERG\u0130LER\/HAR\u00c7LAR\/B\u0130LD\u0130R\u0130MLER VE D\u0130\u011eERLER\u0130 01\/10\/2021 11\/10\/2021 16-30 Eyl\u00fcl 2021 D\u00f6nemine Ait Noterlerce Yap\u0131lan Makbuz Kar\u015f\u0131l\u0131\u011f\u0131 \u00d6demelere Ait Beyannamenin Verilmesi<\/p>\n","protected":false},"author":1,"featured_media":928,"comment_status":"closed","ping_status":"closed","sticky":false,"template":"","format":"standard","meta":[],"categories":[55],"tags":[],"_links":{"self":[{"href":"https:\/\/www.vergilendirme.com\/index.php?rest_route=\/wp\/v2\/posts\/920"}],"collection":[{"href":"https:\/\/www.vergilendirme.com\/index.php?rest_route=\/wp\/v2\/posts"}],"about":[{"href":"https:\/\/www.vergilendirme.com\/index.php?rest_route=\/wp\/v2\/types\/post"}],"author":[{"embeddable":true,"href":"https:\/\/www.vergilendirme.com\/index.php?rest_route=\/wp\/v2\/users\/1"}],"replies":[{"embeddable":true,"href":"https:\/\/www.vergilendirme.com\/index.php?rest_route=%2Fwp%2Fv2%2Fcomments&post=920"}],"version-history":[{"count":1,"href":"https:\/\/www.vergilendirme.com\/index.php?rest_route=\/wp\/v2\/posts\/920\/revisions"}],"predecessor-version":[{"id":921,"href":"https:\/\/www.vergilendirme.com\/index.php?rest_route=\/wp\/v2\/posts\/920\/revisions\/921"}],"wp:featuredmedia":[{"embeddable":true,"href":"https:\/\/www.vergilendirme.com\/index.php?rest_route=\/wp\/v2\/media\/928"}],"wp:attachment":[{"href":"https:\/\/www.vergilendirme.com\/index.php?rest_route=%2Fwp%2Fv2%2Fmedia&parent=920"}],"wp:term":[{"taxonomy":"category","embeddable":true,"href":"https:\/\/www.vergilendirme.com\/index.php?rest_route=%2Fwp%2Fv2%2Fcategories&post=920"},{"taxonomy":"post_tag","embeddable":true,"href":"https:\/\/www.vergilendirme.com\/index.php?rest_route=%2Fwp%2Fv2%2Ftags&post=920"}],"curies":[{"name":"wp","href":"https:\/\/api.w.org\/{rel}","templated":true}]}}